{"id":4543,"date":"2017-09-28T09:45:18","date_gmt":"2017-09-28T08:45:18","guid":{"rendered":"http:\/\/www.schachzentrum-baden-baden.de\/?p=4543"},"modified":"2017-11-10T07:57:41","modified_gmt":"2017-11-10T06:57:41","slug":"kein-schachtalk-am-4-oktober","status":"publish","type":"post","link":"https:\/\/www.schachzentrum-baden-baden.de\/?p=4543","title":{"rendered":"Kein Schachtalk am 4. Oktober"},"content":{"rendered":"<p>Am 4. Oktober muss der Schachtalk leider ausfallen. In dieser Woche unterst\u00fctzt GM Philipp Schlosser die badischen Mannschaften bei der Deutschen L\u00e4ndermeisterschaft in Hannover. Wir w\u00fcnschen unser Jugendspielern viel Spa\u00df und Erfolg!<\/p>\n","protected":false},"excerpt":{"rendered":"<p>Am 4. Oktober muss der Schachtalk leider ausfallen. In dieser Woche unterst\u00fctzt GM Philipp Schlosser die badischen Mannschaften bei der Deutschen L\u00e4ndermeisterschaft in Hannover. Wir w\u00fcnschen unser Jugendspielern viel Spa\u00df [&hellip;]<\/p>\n","protected":false},"author":10,"featured_media":0,"comment_status":"closed","ping_status":"closed","sticky":false,"template":"","format":"standard","meta":[],"categories":[5],"tags":[],"_links":{"self":[{"href":"https:\/\/www.schachzentrum-baden-baden.de\/index.php?rest_route=\/wp\/v2\/posts\/4543"}],"collection":[{"href":"https:\/\/www.schachzentrum-baden-baden.de\/index.php?rest_route=\/wp\/v2\/posts"}],"about":[{"href":"https:\/\/www.schachzentrum-baden-baden.de\/index.php?rest_route=\/wp\/v2\/types\/post"}],"author":[{"embeddable":true,"href":"https:\/\/www.schachzentrum-baden-baden.de\/index.php?rest_route=\/wp\/v2\/users\/10"}],"replies":[{"embeddable":true,"href":"https:\/\/www.schachzentrum-baden-baden.de\/index.php?rest_route=%2Fwp%2Fv2%2Fcomments&post=4543"}],"version-history":[{"count":1,"href":"https:\/\/www.schachzentrum-baden-baden.de\/index.php?rest_route=\/wp\/v2\/posts\/4543\/revisions"}],"predecessor-version":[{"id":4544,"href":"https:\/\/www.schachzentrum-baden-baden.de\/index.php?rest_route=\/wp\/v2\/posts\/4543\/revisions\/4544"}],"wp:attachment":[{"href":"https:\/\/www.schachzentrum-baden-baden.de\/index.php?rest_route=%2Fwp%2Fv2%2Fmedia&parent=4543"}],"wp:term":[{"taxonomy":"category","embeddable":true,"href":"https:\/\/www.schachzentrum-baden-baden.de\/index.php?rest_route=%2Fwp%2Fv2%2Fcategories&post=4543"},{"taxonomy":"post_tag","embeddable":true,"href":"https:\/\/www.schachzentrum-baden-baden.de\/index.php?rest_route=%2Fwp%2Fv2%2Ftags&post=4543"}],"curies":[{"name":"wp","href":"https:\/\/api.w.org\/{rel}","templated":true}]}}