{"id":3969,"date":"2016-07-28T13:10:32","date_gmt":"2016-07-28T12:10:32","guid":{"rendered":"http:\/\/www.schachzentrum-baden-baden.de\/?p=3969"},"modified":"2016-09-27T22:31:18","modified_gmt":"2016-09-27T21:31:18","slug":"sommerpause","status":"publish","type":"post","link":"https:\/\/www.schachzentrum-baden-baden.de\/?p=3969","title":{"rendered":"Sommerpause + Facebook"},"content":{"rendered":"<p>Auch wir machen mal Ferien&#8230;<br \/>\nDas Schachzentrum bleibt \u00fcber die Sommerferien geschlossen.<br \/>\nAm 2.9.16 und 9.9.16 ab 15.00-18.00 Uhr haben wir f\u00fcr freies Spiel ge\u00f6ffnet.<br \/>\nNach den Sommerferien geht es dann wieder wie gewohnt mit euren Trainingsgruppen weiter.<br \/>\nViel Spa\u00df in den Ferien w\u00fcnscht euch das Team vom Schachzentrum.<br \/>\nIhr findet uns jetzt auch auf Facebook:<br \/>\n<a href=\"https:\/\/www.facebook.com\/Schachzentrum\/\" target=\"_blank\">https:\/\/www.facebook.com\/Schachzentrum\/<\/a><br \/>\n(GM Roland Schmaltz)<\/p>\n","protected":false},"excerpt":{"rendered":"<p>Auch wir machen mal Ferien&#8230; Das Schachzentrum bleibt \u00fcber die Sommerferien geschlossen. Am 2.9.16 und 9.9.16 ab 15.00-18.00 Uhr haben wir f\u00fcr freies Spiel ge\u00f6ffnet. Nach den Sommerferien geht es [&hellip;]<\/p>\n","protected":false},"author":10,"featured_media":0,"comment_status":"closed","ping_status":"closed","sticky":false,"template":"","format":"standard","meta":[],"categories":[6],"tags":[],"_links":{"self":[{"href":"https:\/\/www.schachzentrum-baden-baden.de\/index.php?rest_route=\/wp\/v2\/posts\/3969"}],"collection":[{"href":"https:\/\/www.schachzentrum-baden-baden.de\/index.php?rest_route=\/wp\/v2\/posts"}],"about":[{"href":"https:\/\/www.schachzentrum-baden-baden.de\/index.php?rest_route=\/wp\/v2\/types\/post"}],"author":[{"embeddable":true,"href":"https:\/\/www.schachzentrum-baden-baden.de\/index.php?rest_route=\/wp\/v2\/users\/10"}],"replies":[{"embeddable":true,"href":"https:\/\/www.schachzentrum-baden-baden.de\/index.php?rest_route=%2Fwp%2Fv2%2Fcomments&post=3969"}],"version-history":[{"count":5,"href":"https:\/\/www.schachzentrum-baden-baden.de\/index.php?rest_route=\/wp\/v2\/posts\/3969\/revisions"}],"predecessor-version":[{"id":4105,"href":"https:\/\/www.schachzentrum-baden-baden.de\/index.php?rest_route=\/wp\/v2\/posts\/3969\/revisions\/4105"}],"wp:attachment":[{"href":"https:\/\/www.schachzentrum-baden-baden.de\/index.php?rest_route=%2Fwp%2Fv2%2Fmedia&parent=3969"}],"wp:term":[{"taxonomy":"category","embeddable":true,"href":"https:\/\/www.schachzentrum-baden-baden.de\/index.php?rest_route=%2Fwp%2Fv2%2Fcategories&post=3969"},{"taxonomy":"post_tag","embeddable":true,"href":"https:\/\/www.schachzentrum-baden-baden.de\/index.php?rest_route=%2Fwp%2Fv2%2Ftags&post=3969"}],"curies":[{"name":"wp","href":"https:\/\/api.w.org\/{rel}","templated":true}]}}