{"id":3468,"date":"2016-02-08T09:08:04","date_gmt":"2016-02-08T08:08:04","guid":{"rendered":"http:\/\/www.schachzentrum-baden-baden.de\/?p=3468"},"modified":"2016-02-12T12:53:20","modified_gmt":"2016-02-12T11:53:20","slug":"training-im-bundesstuetzpunkt","status":"publish","type":"post","link":"https:\/\/www.schachzentrum-baden-baden.de\/?p=3468","title":{"rendered":"Training im Bundesst\u00fctzpunkt"},"content":{"rendered":"<p><a href=\"http:\/\/www.schachzentrum-baden-baden.de\/wp-content\/uploads\/2016\/02\/DSCF7888.jpg\"><img decoding=\"async\" loading=\"lazy\" class=\"alignleft size-thumbnail wp-image-3469\" alt=\"DSCF7888\" src=\"http:\/\/www.schachzentrum-baden-baden.de\/wp-content\/uploads\/2016\/02\/DSCF7888-150x112.jpg\" width=\"150\" height=\"112\" srcset=\"https:\/\/www.schachzentrum-baden-baden.de\/wp-content\/uploads\/2016\/02\/DSCF7888-150x112.jpg 150w, https:\/\/www.schachzentrum-baden-baden.de\/wp-content\/uploads\/2016\/02\/DSCF7888-300x225.jpg 300w, https:\/\/www.schachzentrum-baden-baden.de\/wp-content\/uploads\/2016\/02\/DSCF7888-1024x768.jpg 1024w\" sizes=\"(max-width: 150px) 100vw, 150px\" \/><\/a>Am 29.-30.01.2016 trainierte wieder der \u201eS\u00fcdwestkader\u201c in Baden-Baden. Diese Trainingsma\u00dfnahme des Bundesst\u00fctzpunktes \u00a0(BSP) wurde auf Initiative von Dr. Markus Keller 2013 ins Leben gerufen. Es ist als zus\u00e4tzliches regelm\u00e4\u00dfiges Trainingsangebot f\u00fcr B-,C- und D\/C-Kader des s\u00fcdwestdeutschen Raumes angedacht und unter der Leitung von Dr. Markus Keller und GM Roland Schmaltz sehr erfolgreich durchgef\u00fchrt worden. Nach dem tragischen Tod des Bundesst\u00fctzpunktleiters Dr. Keller haben die Verantwortlichen in Baden-Baden gemeinsam mit den Funktion\u00e4ren im DSB beschlossen, s\u00e4mtliche geplante Veranstaltungen, Lehrg\u00e4nge und Turniere durchzuf\u00fchren; auch und gerade im Interesse von Dr. Markus Keller.<\/p>\n<p>Auf dem Bild v.l. Anton Bilchinski ( Bayern), Patrick H\u00f6glauer (W\u00fc), Kevin Tong (Bay), Andreas Heimann (B-Kader), Oliver Schackmann (Bay), Christopher Noe ( Bad), Paula Wiesner (Bad), Julian Martin ( Bad), GM Roland Schmaltz, Ioan Trifan ( Bad)<\/p>\n<p>Auf dem R\u00fcckweg geriet mir das Magnus Poster vor die Linse \u2026 (Bernd V\u00f6kler)<\/p>\n<p><a href=\"http:\/\/www.schachzentrum-baden-baden.de\/wp-content\/uploads\/2016\/02\/DSCF7889.jpg\"><img decoding=\"async\" loading=\"lazy\" class=\"alignleft size-thumbnail wp-image-3470\" alt=\"DSCF7889\" src=\"http:\/\/www.schachzentrum-baden-baden.de\/wp-content\/uploads\/2016\/02\/DSCF7889-150x112.jpg\" width=\"150\" height=\"112\" srcset=\"https:\/\/www.schachzentrum-baden-baden.de\/wp-content\/uploads\/2016\/02\/DSCF7889-150x112.jpg 150w, https:\/\/www.schachzentrum-baden-baden.de\/wp-content\/uploads\/2016\/02\/DSCF7889-300x225.jpg 300w, https:\/\/www.schachzentrum-baden-baden.de\/wp-content\/uploads\/2016\/02\/DSCF7889-1024x768.jpg 1024w\" sizes=\"(max-width: 150px) 100vw, 150px\" \/><\/a><\/p>\n<p>&nbsp;<\/p>\n","protected":false},"excerpt":{"rendered":"<p>Am 29.-30.01.2016 trainierte wieder der \u201eS\u00fcdwestkader\u201c in Baden-Baden. Diese Trainingsma\u00dfnahme des Bundesst\u00fctzpunktes \u00a0(BSP) wurde auf Initiative von Dr. Markus Keller 2013 ins Leben gerufen. Es ist als zus\u00e4tzliches regelm\u00e4\u00dfiges Trainingsangebot [&hellip;]<\/p>\n","protected":false},"author":1,"featured_media":0,"comment_status":"closed","ping_status":"closed","sticky":false,"template":"","format":"standard","meta":[],"categories":[4,13],"tags":[],"_links":{"self":[{"href":"https:\/\/www.schachzentrum-baden-baden.de\/index.php?rest_route=\/wp\/v2\/posts\/3468"}],"collection":[{"href":"https:\/\/www.schachzentrum-baden-baden.de\/index.php?rest_route=\/wp\/v2\/posts"}],"about":[{"href":"https:\/\/www.schachzentrum-baden-baden.de\/index.php?rest_route=\/wp\/v2\/types\/post"}],"author":[{"embeddable":true,"href":"https:\/\/www.schachzentrum-baden-baden.de\/index.php?rest_route=\/wp\/v2\/users\/1"}],"replies":[{"embeddable":true,"href":"https:\/\/www.schachzentrum-baden-baden.de\/index.php?rest_route=%2Fwp%2Fv2%2Fcomments&post=3468"}],"version-history":[{"count":4,"href":"https:\/\/www.schachzentrum-baden-baden.de\/index.php?rest_route=\/wp\/v2\/posts\/3468\/revisions"}],"predecessor-version":[{"id":3533,"href":"https:\/\/www.schachzentrum-baden-baden.de\/index.php?rest_route=\/wp\/v2\/posts\/3468\/revisions\/3533"}],"wp:attachment":[{"href":"https:\/\/www.schachzentrum-baden-baden.de\/index.php?rest_route=%2Fwp%2Fv2%2Fmedia&parent=3468"}],"wp:term":[{"taxonomy":"category","embeddable":true,"href":"https:\/\/www.schachzentrum-baden-baden.de\/index.php?rest_route=%2Fwp%2Fv2%2Fcategories&post=3468"},{"taxonomy":"post_tag","embeddable":true,"href":"https:\/\/www.schachzentrum-baden-baden.de\/index.php?rest_route=%2Fwp%2Fv2%2Ftags&post=3468"}],"curies":[{"name":"wp","href":"https:\/\/api.w.org\/{rel}","templated":true}]}}