{"id":165,"date":"2007-01-31T23:45:54","date_gmt":"2007-01-31T22:45:54","guid":{"rendered":"http:\/\/www.schachzentrum-baden-baden.de\/?p=165"},"modified":"2007-06-20T16:11:57","modified_gmt":"2007-06-20T15:11:57","slug":"das-schachgesprach","status":"publish","type":"post","link":"https:\/\/www.schachzentrum-baden-baden.de\/?p=165","title":{"rendered":"Das Schachgespr\u00e4ch"},"content":{"rendered":"<p><img decoding=\"async\" height=\"72\" alt=\"Ferdinand B\u00e4uerle im Gespr\u00e4ch mit Sebastian Bogner\" id=\"image164\" src=\"http:\/\/www.schachzentrum-baden-baden.de\/wp-content\/uploads\/2007\/01\/p1310061k.JPG\" \/>Viel Spa\u00df machte den Besuchern &#8222;<a target=\"blank\" href=\"http:\/\/schachgespraech.de\/\">Das Schachgespr\u00e4ch<\/a>&#8220; in der Trinkhalle Baden-Baden. Ferdinand B\u00e4uerle empfing den Schachtherapeut Manfred Herbold, den IM und Musiker Lothar Arnold, sowie den erst 16-j\u00e4hrigen IM Sebastian Bogner mit Vater Norbert.<br \/>\nHier gehts zur <a href=\"http:\/\/www.schachzentrum-baden-baden.de\/?page_id=163\">Bildergalerie<\/a><\/p>\n","protected":false},"excerpt":{"rendered":"<p>Viel Spa\u00df machte den Besuchern &#8222;Das Schachgespr\u00e4ch&#8220; in der Trinkhalle Baden-Baden. Ferdinand B\u00e4uerle empfing den Schachtherapeut Manfred Herbold, den IM und Musiker Lothar Arnold, sowie den erst 16-j\u00e4hrigen IM Sebastian [&hellip;]<\/p>\n","protected":false},"author":1,"featured_media":0,"comment_status":"closed","ping_status":"closed","sticky":false,"template":"","format":"standard","meta":[],"categories":[5],"tags":[],"_links":{"self":[{"href":"https:\/\/www.schachzentrum-baden-baden.de\/index.php?rest_route=\/wp\/v2\/posts\/165"}],"collection":[{"href":"https:\/\/www.schachzentrum-baden-baden.de\/index.php?rest_route=\/wp\/v2\/posts"}],"about":[{"href":"https:\/\/www.schachzentrum-baden-baden.de\/index.php?rest_route=\/wp\/v2\/types\/post"}],"author":[{"embeddable":true,"href":"https:\/\/www.schachzentrum-baden-baden.de\/index.php?rest_route=\/wp\/v2\/users\/1"}],"replies":[{"embeddable":true,"href":"https:\/\/www.schachzentrum-baden-baden.de\/index.php?rest_route=%2Fwp%2Fv2%2Fcomments&post=165"}],"version-history":[{"count":0,"href":"https:\/\/www.schachzentrum-baden-baden.de\/index.php?rest_route=\/wp\/v2\/posts\/165\/revisions"}],"wp:attachment":[{"href":"https:\/\/www.schachzentrum-baden-baden.de\/index.php?rest_route=%2Fwp%2Fv2%2Fmedia&parent=165"}],"wp:term":[{"taxonomy":"category","embeddable":true,"href":"https:\/\/www.schachzentrum-baden-baden.de\/index.php?rest_route=%2Fwp%2Fv2%2Fcategories&post=165"},{"taxonomy":"post_tag","embeddable":true,"href":"https:\/\/www.schachzentrum-baden-baden.de\/index.php?rest_route=%2Fwp%2Fv2%2Ftags&post=165"}],"curies":[{"name":"wp","href":"https:\/\/api.w.org\/{rel}","templated":true}]}}