{"id":161,"date":"2007-01-31T07:29:53","date_gmt":"2007-01-31T06:29:53","guid":{"rendered":"http:\/\/www.schachzentrum-baden-baden.de\/?p=161"},"modified":"2007-01-31T07:40:17","modified_gmt":"2007-01-31T06:40:17","slug":"talentstutzpunkt-baden-baden","status":"publish","type":"post","link":"https:\/\/www.schachzentrum-baden-baden.de\/?p=161","title":{"rendered":"Talentst\u00fctzpunkt Baden-Baden"},"content":{"rendered":"<p><img decoding=\"async\" height=96 alt=\"Nikolaus Sentef\" src=\"http:\/\/www.schachzentrum-baden-baden.de\/wp-content\/uploads\/2007\/01\/nsentef.jpg\" \/>Liebe Schachfreunde, liebe Eltern,<br \/>\nnach mehrj\u00e4hriger Pause nimmt der Bezirk Mittelbaden die F\u00f6rderung junger Talente wieder auf. Die fr\u00fcher unter F-Kaderst\u00fctzpunkt bekannte F\u00f6rderma\u00dfnahme setzt 2007 ihre Arbeit unter dem Namen Talentst\u00fctzpunkt wieder fort. Aufgabe des Talentst\u00fctzpunktes ist es, junge Talente zu f\u00f6rdern und sie Idealerweise f\u00fcr die Aufnahme in den Landeskader Baden-W\u00fcrttemberg, auch als D-Kader bekannt, vorzubereiten. Es handelt sich um acht Trainingseinheiten \u00e1 5 Unterrichtsstunden, die \u00fcber das Jahr verteilt jeweils Sonntag von 9:00 &#8211; 13:30 Uhr stattfinden werden.<br \/>\n<!--more--><\/p>\n<p>Sitz des St\u00fctzpunktes ist das Markgraf-Ludwig-Gymnasium Baden-Baden. Leiter des Talentst\u00fctzpunktes sowie Cheftrainer ist Nikolaus Sentef. Es k\u00f6nnen jedoch auch weitere Trainer eingesetzt werden. Die Ma\u00dfnahme wird von der Kommission f\u00fcr Leistungssport (GKL) sowie vom Bezirk Mittelbaden finanziell unterst\u00fctzt, ein kleinerer Betrag wird jedoch von Eltern oder Vereinen getragen. Der Kader des Talentst\u00fctzpunktes wird jedes Jahr neu zusammengestellt und besteht aus einem festen Stamm.<\/p>\n<p>Das Eintrittsalter betr\u00e4gt vorzugsweise 7-12 Jahre. Wichtigstes Kriterium f\u00fcr die Aufnahme in den Kader ist die Bereitschaft, Schach als Turnier &#8211; und Leistungssport zu betreiben. Dies schlie\u00dft die Bereitschaft regelm\u00e4\u00dfig zu trainieren mit ein.<\/p>\n<p>Ich bitte um Vorschl\u00e4ge seitens der Vereine, Trainer und Eltern. <\/p>\n<p>Vorschl\u00e4ge sind zu richten an:<br \/>\nNikolaus Sentef<br \/>\nKoloniestr. 8<br \/>\n76599 Weisenbach<br \/>\nTel.: 07224\/656688 vormittags<br \/>\nE-Mail: nikolaussentef@web.de<\/p>\n","protected":false},"excerpt":{"rendered":"<p>Liebe Schachfreunde, liebe Eltern, nach mehrj\u00e4hriger Pause nimmt der Bezirk Mittelbaden die F\u00f6rderung junger Talente wieder auf. Die fr\u00fcher unter F-Kaderst\u00fctzpunkt bekannte F\u00f6rderma\u00dfnahme setzt 2007 ihre Arbeit unter dem Namen [&hellip;]<\/p>\n","protected":false},"author":1,"featured_media":0,"comment_status":"closed","ping_status":"closed","sticky":false,"template":"","format":"standard","meta":[],"categories":[4],"tags":[],"_links":{"self":[{"href":"https:\/\/www.schachzentrum-baden-baden.de\/index.php?rest_route=\/wp\/v2\/posts\/161"}],"collection":[{"href":"https:\/\/www.schachzentrum-baden-baden.de\/index.php?rest_route=\/wp\/v2\/posts"}],"about":[{"href":"https:\/\/www.schachzentrum-baden-baden.de\/index.php?rest_route=\/wp\/v2\/types\/post"}],"author":[{"embeddable":true,"href":"https:\/\/www.schachzentrum-baden-baden.de\/index.php?rest_route=\/wp\/v2\/users\/1"}],"replies":[{"embeddable":true,"href":"https:\/\/www.schachzentrum-baden-baden.de\/index.php?rest_route=%2Fwp%2Fv2%2Fcomments&post=161"}],"version-history":[{"count":0,"href":"https:\/\/www.schachzentrum-baden-baden.de\/index.php?rest_route=\/wp\/v2\/posts\/161\/revisions"}],"wp:attachment":[{"href":"https:\/\/www.schachzentrum-baden-baden.de\/index.php?rest_route=%2Fwp%2Fv2%2Fmedia&parent=161"}],"wp:term":[{"taxonomy":"category","embeddable":true,"href":"https:\/\/www.schachzentrum-baden-baden.de\/index.php?rest_route=%2Fwp%2Fv2%2Fcategories&post=161"},{"taxonomy":"post_tag","embeddable":true,"href":"https:\/\/www.schachzentrum-baden-baden.de\/index.php?rest_route=%2Fwp%2Fv2%2Ftags&post=161"}],"curies":[{"name":"wp","href":"https:\/\/api.w.org\/{rel}","templated":true}]}}